{"id":347,"date":"2025-06-29T00:51:06","date_gmt":"2025-06-28T21:51:06","guid":{"rendered":"https:\/\/pediascop.com\/mainpage\/?p=347"},"modified":"2025-07-07T22:56:06","modified_gmt":"2025-07-07T19:56:06","slug":"akilli-bebek-kuvezleri-gelecegin-bebek-bakimi","status":"publish","type":"post","link":"https:\/\/pediascop.com\/mainpage\/akilli-bebek-kuvezleri-gelecegin-bebek-bakimi\/","title":{"rendered":"Ak\u0131ll\u0131 Bebek K\u00fcvezleri:      Gelece\u011fin Bebek Bak\u0131m\u0131"},"content":{"rendered":"\n<h1 class=\"wp-block-heading has-text-align-center has-button-initial-color has-text-color has-link-color wp-elements-6b72bdf5b0678d3da3eaba8bce160900\" style=\"padding-top:45px;padding-bottom:45px\">Ak\u0131ll\u0131 Bebek K\u00fcvezleri:      Gelece\u011fin Bebek Bak\u0131m\u0131<\/h1>\n\n\n\n<div class=\"wp-block-group alignwide is-layout-flow wp-block-group-is-layout-flow\" style=\"margin-top:0;margin-bottom:0;padding-right:0;padding-left:0\">\n<div class=\"wp-block-group is-layout-constrained wp-container-core-group-is-layout-7a3688e9 wp-block-group-is-layout-constrained\">\n<p class=\"has-page-title-background-color has-text-color has-link-color wp-elements-30456a07013b181adcfe6332582b7a7f\">Modern teknoloji, bebek bak\u0131m\u0131nda devrim yaratmaya devam ediyor. Ak\u0131ll\u0131 bebek k\u00fcvezleri, yenilik\u00e7i \u00f6zellikleri ve kullan\u0131m avantajlar\u0131 ile ebeveynlerin hayat\u0131n\u0131 kolayla\u015ft\u0131r\u0131yor ve bebeklerin g\u00fcvenli\u011fini sa\u011fl\u0131yor. Peki, bu ak\u0131ll\u0131 k\u00fcvezler nas\u0131l \u00e7al\u0131\u015f\u0131yor ve neden bu kadar \u00f6nemli?<\/p>\n<\/div>\n\n\n\n<div class=\"wp-block-group alignwide is-layout-flow wp-container-core-group-is-layout-cad5932e wp-block-group-is-layout-flow\" style=\"margin-top:var(--wp--preset--spacing--50);margin-bottom:0;padding-top:0;padding-right:0;padding-bottom:0;padding-left:0\">\n<div class=\"wp-block-cover is-light has-custom-content-position is-position-center-left\" style=\"padding-top:var(--wp--preset--spacing--30);padding-right:0;padding-bottom:var(--wp--preset--spacing--30);padding-left:0\"><span aria-hidden=\"true\" class=\"wp-block-cover__background has-ti-bg-background-color has-background-dim\"><\/span><div class=\"wp-block-cover__inner-container is-layout-constrained wp-container-core-cover-is-layout-8fc512df wp-block-cover-is-layout-constrained\">\n<div class=\"wp-block-group is-layout-flow wp-block-group-is-layout-flow\">\n<h2 class=\"wp-block-heading alignwide has-button-initial-color has-text-color has-link-color wp-elements-5f79d48b6940d5f7748ec522d2f6d4b0\" id=\"we-re-a-studio-in-berlin-with-an-international-practice-in-architecture-urban-planning-and-interior-design-we-believe-in-sharing-knowledge-and-promoting-dialogue-to-increase-the-creative-potential-of-collaboration\" style=\"font-size:48px;line-height:1.1\">Teknik \u00d6zellikler: \u0130leri Teknoloji ile Bebek G\u00fcvenli\u011fi<\/h2>\n\n\n\n<p>Ak\u0131ll\u0131 bebek k\u00fcvezleri, \u00e7e\u015fitli sens\u00f6rler ve yapay zeka algoritmalar\u0131 ile donat\u0131lm\u0131\u015ft\u0131r. Bu sens\u00f6rler, bebe\u011fin nefes al\u0131\u015f\u0131, v\u00fccut \u0131s\u0131s\u0131, odan\u0131n s\u0131cakl\u0131\u011f\u0131 ve hava kalitesi gibi hayati bilgileri s\u00fcrekli olarak izler. Yapay zeka, bu verileri i\u015fleyerek ebeveynlere anl\u0131k bildirimler g\u00f6nderir. Ayr\u0131ca dijital tart\u0131 ve termometre gibi \u00f6zellikler sayesinde bebe\u011fin konforu ve sa\u011fl\u0131k durumu s\u00fcrekli olarak kontrol alt\u0131nda tutulur.<\/p>\n<\/div>\n<\/div><\/div>\n\n\n\n<div class=\"wp-block-cover is-light\" style=\"margin-top:0;margin-bottom:0;padding-top:var(--wp--preset--spacing--20);padding-right:0;padding-bottom:var(--wp--preset--spacing--20);padding-left:0\"><span aria-hidden=\"true\" class=\"wp-block-cover__background has-pale-cyan-blue-background-color has-background-dim\"><\/span><div class=\"wp-block-cover__inner-container is-layout-constrained wp-container-core-cover-is-layout-d33dee23 wp-block-cover-is-layout-constrained\">\n<div class=\"wp-block-group is-layout-flow wp-block-group-is-layout-flow\">\n<h2 class=\"wp-block-heading alignwide\" id=\"we-re-a-studio-in-berlin-with-an-international-practice-in-architecture-urban-planning-and-interior-design-we-believe-in-sharing-knowledge-and-promoting-dialogue-to-increase-the-creative-potential-of-collaboration\" style=\"font-size:48px;line-height:1.1\">Kullan\u0131m Avantajlar\u0131: Ebeveynlerin Yeni Yard\u0131mc\u0131s\u0131<\/h2>\n\n\n\n<p>Ak\u0131ll\u0131 bebek k\u00fcvezleri, sunduklar\u0131 g\u00fcvenlik, konfor ve pratiklik ile ebeveynlerin i\u015fini b\u00fcy\u00fck \u00f6l\u00e7\u00fcde kolayla\u015ft\u0131r\u0131r. Sens\u00f6rler ve yapay zeka sayesinde, bebe\u011fin sa\u011fl\u0131k durumu s\u00fcrekli izlenir ve olas\u0131 riskler an\u0131nda tespit edilir. Dijital tart\u0131 ve termometre gibi ek \u00f6zellikler, bebe\u011fin konforunu art\u0131r\u0131rken, katlanabilir tasar\u0131m ve kayd\u0131rmaz taban gibi pratik detaylar da kullan\u0131m ve saklama kolayl\u0131\u011f\u0131 sa\u011flar.<\/p>\n<\/div>\n<\/div><\/div>\n\n\n\n<div class=\"wp-block-cover is-light\" style=\"padding-top:var(--wp--preset--spacing--30);padding-right:0;padding-bottom:var(--wp--preset--spacing--30);padding-left:0\"><span aria-hidden=\"true\" class=\"wp-block-cover__background has-ti-bg-background-color has-background-dim\"><\/span><div class=\"wp-block-cover__inner-container is-layout-constrained wp-container-core-cover-is-layout-b90a9add wp-block-cover-is-layout-constrained\">\n<div class=\"wp-block-group is-layout-flow wp-block-group-is-layout-flow\">\n<h2 class=\"wp-block-heading alignwide has-button-initial-color has-text-color has-link-color wp-elements-7bfa5882cc92abfd5765c62598ad223f\" id=\"we-re-a-studio-in-berlin-with-an-international-practice-in-architecture-urban-planning-and-interior-design-we-believe-in-sharing-knowledge-and-promoting-dialogue-to-increase-the-creative-potential-of-collaboration\" style=\"font-size:48px;line-height:1.1\">Farkl\u0131l\u0131klar: Her \u0130htiyaca Uygun \u00c7\u00f6z\u00fcmler<\/h2>\n\n\n\n<p>Ak\u0131ll\u0131 bebek k\u00fcvezleri, marka ve modele g\u00f6re \u00e7e\u015fitli \u00f6zellikler ve fiyat aral\u0131klar\u0131 sunar. Baz\u0131 modellerde dijital tart\u0131 ve termometre gibi ek \u00f6zellikler bulunurken, di\u011fer modellerde bu \u00f6zellikler olmayabilir. Katlanabilir ve kayd\u0131rmaz taban gibi tasar\u0131m \u00f6zellikleri de modeller aras\u0131nda farkl\u0131l\u0131k g\u00f6sterebilir.<\/p>\n<\/div>\n<\/div><\/div>\n\n\n\n<div class=\"wp-block-cover is-light\" style=\"padding-top:var(--wp--preset--spacing--30);padding-right:0;padding-bottom:var(--wp--preset--spacing--30);padding-left:0\"><span aria-hidden=\"true\" class=\"wp-block-cover__background has-pale-cyan-blue-background-color has-background-dim\"><\/span><div class=\"wp-block-cover__inner-container is-layout-constrained wp-container-core-cover-is-layout-8fc512df wp-block-cover-is-layout-constrained\">\n<div class=\"wp-block-group is-layout-flow wp-block-group-is-layout-flow\">\n<h2 class=\"wp-block-heading\" id=\"we-re-a-studio-in-berlin-with-an-international-practice-in-architecture-urban-planning-and-interior-design-we-believe-in-sharing-knowledge-and-promoting-dialogue-to-increase-the-creative-potential-of-collaboration\">Sonu\u00e7: Ak\u0131ll\u0131 Bebek K\u00fcvezleri ile G\u00fcvenli ve Konforlu Bebek Bak\u0131m\u0131<\/h2>\n\n\n\n<p>Ak\u0131ll\u0131 bebek k\u00fcvezleri, teknolojinin bebek bak\u0131m\u0131nda nas\u0131l bir devrim yaratt\u0131\u011f\u0131n\u0131n canl\u0131 bir \u00f6rne\u011fidir. Ebeveynlerin i\u015fini kolayla\u015ft\u0131ran ve bebeklerin g\u00fcvenli\u011fini sa\u011flayan bu yenilik\u00e7i \u00fcr\u00fcnler, gelece\u011fin bebek bak\u0131m\u0131nda \u00f6nemli bir rol oynayacak gibi g\u00f6r\u00fcn\u00fcyor. Siz de ak\u0131ll\u0131 bebek k\u00fcvezleri ile ilgili daha fazla bilgi edinebilir ve bebe\u011finiz i\u00e7in en uygun modeli se\u00e7ebilirsiniz.<\/p>\n<\/div>\n<\/div><\/div>\n<\/div>\n<\/div>\n","protected":false},"excerpt":{"rendered":"<p>Ak\u0131ll\u0131 Bebek K\u00fcvezleri: Gelece\u011fin Bebek Bak\u0131m\u0131 Modern teknoloji, bebek bak\u0131m\u0131nda devrim yaratmaya devam ediyor. Ak\u0131ll\u0131 bebek k\u00fcvezleri, yenilik\u00e7i \u00f6zellikleri ve kullan\u0131m avantajlar\u0131 ile ebeveynlerin hayat\u0131n\u0131 kolayla\u015ft\u0131r\u0131yor ve bebeklerin g\u00fcvenli\u011fini sa\u011fl\u0131yor. Peki, bu ak\u0131ll\u0131 k\u00fcvezler nas\u0131l \u00e7al\u0131\u015f\u0131yor ve neden bu kadar \u00f6nemli?<\/p>\n","protected":false},"author":1,"featured_media":0,"comment_status":"open","ping_status":"open","sticky":false,"template":"elementor_header_footer","format":"standard","meta":{"solace_meta_sidebar":"","solace_meta_container":"","solace_meta_enable_content_width":"","solace_meta_content_width":0,"solace_meta_title_alignment":"","solace_meta_author_avatar":"","solace_post_elements_order":"","solace_meta_disable_header":"","solace_meta_disable_footer":"","solace_meta_disable_title":"","footnotes":""},"categories":[1],"tags":[],"class_list":["post-347","post","type-post","status-publish","format-standard","hentry","category-uncategorized"],"_links":{"self":[{"href":"https:\/\/pediascop.com\/mainpage\/wp-json\/wp\/v2\/posts\/347","targetHints":{"allow":["GET"]}}],"collection":[{"href":"https:\/\/pediascop.com\/mainpage\/wp-json\/wp\/v2\/posts"}],"about":[{"href":"https:\/\/pediascop.com\/mainpage\/wp-json\/wp\/v2\/types\/post"}],"author":[{"embeddable":true,"href":"https:\/\/pediascop.com\/mainpage\/wp-json\/wp\/v2\/users\/1"}],"replies":[{"embeddable":true,"href":"https:\/\/pediascop.com\/mainpage\/wp-json\/wp\/v2\/comments?post=347"}],"version-history":[{"count":66,"href":"https:\/\/pediascop.com\/mainpage\/wp-json\/wp\/v2\/posts\/347\/revisions"}],"predecessor-version":[{"id":1035,"href":"https:\/\/pediascop.com\/mainpage\/wp-json\/wp\/v2\/posts\/347\/revisions\/1035"}],"wp:attachment":[{"href":"https:\/\/pediascop.com\/mainpage\/wp-json\/wp\/v2\/media?parent=347"}],"wp:term":[{"taxonomy":"category","embeddable":true,"href":"https:\/\/pediascop.com\/mainpage\/wp-json\/wp\/v2\/categories?post=347"},{"taxonomy":"post_tag","embeddable":true,"href":"https:\/\/pediascop.com\/mainpage\/wp-json\/wp\/v2\/tags?post=347"}],"curies":[{"name":"wp","href":"https:\/\/api.w.org\/{rel}","templated":true}]}}